{"id":1024,"date":"2020-03-23T19:18:33","date_gmt":"2020-03-23T19:18:33","guid":{"rendered":"https:\/\/edicionesradagast.com\/?p=1024"},"modified":"2020-03-23T19:18:34","modified_gmt":"2020-03-23T19:18:34","slug":"fecho-na-cuarentena-rellatos-pa-sacate-de-casa-ensin-salir","status":"publish","type":"post","link":"https:\/\/edicionesradagast.com\/ast\/fecho-na-cuarentena-rellatos-pa-sacate-de-casa-ensin-salir\/","title":{"rendered":"Fecho na cuarentena: rellatos pa sacate de casa ensin salir"},"content":{"rendered":"\n<p class=\"wp-block-paragraph\">Ediciones Radagast pres\u00e9ntavos &#8220;Fecho na cuarentena&#8221;; un volume de m\u00e1s de venti rellatos n&#8217;asturianu, castell\u00e1n y gallego asturiano de baldre que pod\u00e9is descargar na nuesa p\u00e1xina. Nun tien &#8220;Fecho na cuarentena&#8221; l&#8217;env\u00eds de querer ser nin un &#8220;referente&#8221;, nin un &#8220;testigu d&#8217;un fechu hest\u00f3ricu&#8221; como ye&#8217;l d&#8217;esta cuarentena. Quier ser m\u00e1s, cenciellamente, una propuesta pa lleer en casa. Un llibru d&#8217;emerxencia pa una situaci\u00f3n d&#8217;emerxencia. Una manera de llevavos a casa ensin tener que picar a la puerta una migayina de les lliteratures asturiana, castellana y gallegoasturiana. <\/p>\n","protected":false},"excerpt":{"rendered":"<p>Ediciones Radagast pres\u00e9ntavos &#8220;Fecho na cuarentena&#8221;; un volume de m\u00e1s de venti rellatos n&#8217;asturianu, castell\u00e1n y gallego asturiano de baldre que pod\u00e9is descargar na nuesa p\u00e1xina. Nun tien &#8220;Fecho na cuarentena&#8221; l&#8217;env\u00eds de querer ser nin un &#8220;referente&#8221;, nin un &#8220;testigu d&#8217;un fechu hest\u00f3ricu&#8221; como ye&#8217;l d&#8217;esta cuarentena. Quier ser m\u00e1s, cenciellamente, una propuesta pa [&hellip;]<\/p>\n","protected":false},"author":2,"featured_media":1020,"comment_status":"open","ping_status":"open","sticky":false,"template":"","format":"standard","meta":{"footnotes":""},"categories":[1],"tags":[],"class_list":["post-1024","post","type-post","status-publish","format-standard","has-post-thumbnail","hentry","category-sin-categoria"],"_links":{"self":[{"href":"https:\/\/edicionesradagast.com\/ast\/wp-json\/wp\/v2\/posts\/1024","targetHints":{"allow":["GET"]}}],"collection":[{"href":"https:\/\/edicionesradagast.com\/ast\/wp-json\/wp\/v2\/posts"}],"about":[{"href":"https:\/\/edicionesradagast.com\/ast\/wp-json\/wp\/v2\/types\/post"}],"author":[{"embeddable":true,"href":"https:\/\/edicionesradagast.com\/ast\/wp-json\/wp\/v2\/users\/2"}],"replies":[{"embeddable":true,"href":"https:\/\/edicionesradagast.com\/ast\/wp-json\/wp\/v2\/comments?post=1024"}],"version-history":[{"count":1,"href":"https:\/\/edicionesradagast.com\/ast\/wp-json\/wp\/v2\/posts\/1024\/revisions"}],"predecessor-version":[{"id":1025,"href":"https:\/\/edicionesradagast.com\/ast\/wp-json\/wp\/v2\/posts\/1024\/revisions\/1025"}],"wp:featuredmedia":[{"embeddable":true,"href":"https:\/\/edicionesradagast.com\/ast\/wp-json\/wp\/v2\/media\/1020"}],"wp:attachment":[{"href":"https:\/\/edicionesradagast.com\/ast\/wp-json\/wp\/v2\/media?parent=1024"}],"wp:term":[{"taxonomy":"category","embeddable":true,"href":"https:\/\/edicionesradagast.com\/ast\/wp-json\/wp\/v2\/categories?post=1024"},{"taxonomy":"post_tag","embeddable":true,"href":"https:\/\/edicionesradagast.com\/ast\/wp-json\/wp\/v2\/tags?post=1024"}],"curies":[{"name":"wp","href":"https:\/\/api.w.org\/{rel}","templated":true}]}}